{"id":173,"date":"2002-10-14T12:00:00","date_gmt":"2002-10-14T10:00:00","guid":{"rendered":"https:\/\/www.posh.de\/wcms\/?p=173"},"modified":"2014-08-06T13:56:06","modified_gmt":"2014-08-06T11:56:06","slug":"vellum-pro-4-5-service-vertrag","status":"publish","type":"post","link":"https:\/\/www.posh.de\/wcms\/2002\/10\/vellum-pro-4-5-service-vertrag\/","title":{"rendered":"Vellum Pro 4.5 : Service-Vertrag"},"content":{"rendered":"<h4>Ab dem 1. November 2002 steht f\u00fcr Vellum Pro ein Service-Vertrag zur Verf\u00fcgung.<\/h4>\n<p>Der Servicevertrag enth\u00e4lt:<\/p>\n<ul>\n<li>kostenfreie telefonische Hotline (Verbindungsgeb\u00fchren fallen an)<\/li>\n<li>kostenfreier Download von aktuellen ServicePacks (zuk\u00fcnftige ServicePacks nur f\u00fcr Anwender mit Wartungsvertrag)<\/li>\n<li>kostenfreie Zusendung neuer Programmversionen (nach Freigabe)<\/li>\n<\/ul>\n<p>Die Geb\u00fchr f\u00fcr den Servicevertrag betr\u00e4gt j\u00e4hrlich 12% vom Listenpreis (abzgl. Rabatt) aller installierten VPro 4.5 Lizenzen.<\/p>\n<p>Bei Bestellungen von Servicevertr\u00e4gen bis zum 30. November 2002 betragen die Kosten nur 10% vom Listenpreis, die Laufzeit des ersten Vertragsjahres endet erst am 31.12.2003.<\/p>\n","protected":false},"excerpt":{"rendered":"<p>Ab dem 1. November 2002 steht f\u00fcr Vellum Pro ein Service-Vertrag zur Verf\u00fcgung. Der Servicevertrag enth\u00e4lt: kostenfreie telefonische Hotline (Verbindungsgeb\u00fchren fallen an) kostenfreier Download von aktuellen ServicePacks (zuk\u00fcnftige ServicePacks nur f\u00fcr Anwender mit Wartungsvertrag) kostenfreie Zusendung neuer Programmversionen (nach Freigabe) Die Geb\u00fchr f\u00fcr den Servicevertrag betr\u00e4gt j\u00e4hrlich 12% vom Listenpreis (abzgl. Rabatt) aller installierten VPro [&hellip;]<\/p>\n","protected":false},"author":1,"featured_media":0,"comment_status":"closed","ping_status":"open","sticky":false,"template":"","format":"standard","meta":{"footnotes":""},"categories":[30,7],"tags":[25,123],"class_list":["post-173","post","type-post","status-publish","format-standard","hentry","category-vellum-pro","category-verkauf","tag-service","tag-vellum-pro"],"_links":{"self":[{"href":"https:\/\/www.posh.de\/wcms\/wp-json\/wp\/v2\/posts\/173","targetHints":{"allow":["GET"]}}],"collection":[{"href":"https:\/\/www.posh.de\/wcms\/wp-json\/wp\/v2\/posts"}],"about":[{"href":"https:\/\/www.posh.de\/wcms\/wp-json\/wp\/v2\/types\/post"}],"author":[{"embeddable":true,"href":"https:\/\/www.posh.de\/wcms\/wp-json\/wp\/v2\/users\/1"}],"replies":[{"embeddable":true,"href":"https:\/\/www.posh.de\/wcms\/wp-json\/wp\/v2\/comments?post=173"}],"version-history":[{"count":1,"href":"https:\/\/www.posh.de\/wcms\/wp-json\/wp\/v2\/posts\/173\/revisions"}],"predecessor-version":[{"id":174,"href":"https:\/\/www.posh.de\/wcms\/wp-json\/wp\/v2\/posts\/173\/revisions\/174"}],"wp:attachment":[{"href":"https:\/\/www.posh.de\/wcms\/wp-json\/wp\/v2\/media?parent=173"}],"wp:term":[{"taxonomy":"category","embeddable":true,"href":"https:\/\/www.posh.de\/wcms\/wp-json\/wp\/v2\/categories?post=173"},{"taxonomy":"post_tag","embeddable":true,"href":"https:\/\/www.posh.de\/wcms\/wp-json\/wp\/v2\/tags?post=173"}],"curies":[{"name":"wp","href":"https:\/\/api.w.org\/{rel}","templated":true}]}}